{"id":13901,"date":"2026-03-17T12:29:43","date_gmt":"2026-03-17T12:29:43","guid":{"rendered":"https:\/\/esatic.ci\/?p=13901"},"modified":"2026-03-17T12:29:43","modified_gmt":"2026-03-17T12:29:43","slug":"international-womens-day","status":"publish","type":"post","link":"https:\/\/esatic.ci\/en\/international-womens-day\/","title":{"rendered":"International Women's Day"},"content":{"rendered":"<p>On the occasion of International Women's Rights Day, the\u2019<strong>ESATIC<\/strong> celebrated its women this Monday, March 9, 2026, at the establishment.<\/p>\n<p>Under the theme \u00ab\u00a0<strong>Justice for all: acting for women and girls in C\u00f4te d'Ivoire<\/strong>\u00a0\u00bbThis celebration was marked by enriching discussions on women's rights and empowerment, led by <strong>M. SILU\u00c9 Yacouba<\/strong>, Head of Legal Affairs Department.<\/p>\n<p>Speaking on behalf of women, <strong>Mrs. Mamina Sanogo<\/strong>, Head of Communications, praised the commitment of the Director General of ESATIC, Professor KONATE Adama, for his actions in favor of the empowerment of women within ESATIC.<\/p>\n<p>For his part, the Director-General encouraged women to assert themselves more and fully occupy positions of responsibility, while reaffirming his support for initiatives that promote their professional development.<\/p>\n<p>The ceremony concluded with a question-and-answer session, fostering constructive exchanges with the participants.<\/p>\n<p>Through this celebration, ESATIC reaffirms its commitment to promoting gender equality and women's empowerment.<\/p>","protected":false},"excerpt":{"rendered":"<p>On the occasion of International Women's Rights Day, ESATIC celebrated its women on Monday March 9, 2026 at the facility. The theme was \u00abJustice for all: acting for the women and girls of C\u00f4te d'Ivoire\u00bb. This celebration was marked by enriching exchanges on women's rights and promotion, led by Mr. SILU\u00c9 Yacouba, Head of the Legal Affairs Department. Speaking on behalf of the women, Madame SANOGO Mamina, Head of Communications, praised the commitment of ESATIC's General Manager, Professor KONATE Adama, for his actions to promote the status of women within ESATIC. For his part, the General Manager encouraged women to become more assertive and fully occupy positions of responsibility, while reaffirming his support for initiatives promoting their professional fulfillment. The ceremony ended with a question-and-answer session, encouraging constructive exchanges with participants. Through this celebration, ESATIC reaffirms its commitment to promoting equality and empowering women.<\/p>","protected":false},"author":1,"featured_media":13902,"comment_status":"closed","ping_status":"closed","sticky":false,"template":"","format":"standard","meta":{"footnotes":""},"categories":[3],"tags":[],"class_list":["post-13901","post","type-post","status-publish","format-standard","has-post-thumbnail","hentry","category-blog"],"featured_image_src":"https:\/\/esatic.ci\/wp-content\/uploads\/2026\/03\/ESATIC_02_JDF.jpg","author_info":{"display_name":"ESATIC","author_link":"https:\/\/esatic.ci\/en\/author\/yeka123\/"},"yoast_head":"<!-- This site is optimized with the Yoast SEO plugin v27.4 - https:\/\/yoast.com\/product\/yoast-seo-wordpress\/ -->\n<title>Journ\u00e9e Internationale des Droits de la Femme<\/title>\n<meta name=\"description\" content=\"La Journ\u00e9e Internationale des Droits de la Femme c\u00e9l\u00e9br\u00e9e \u00e0 ESATIC ce lundi 9 mars 2026 e, pr\u00e9sence du Directeur G\u00e9n\u00e9ral.\" \/>\n<meta name=\"robots\" content=\"index, follow, max-snippet:-1, max-image-preview:large, max-video-preview:-1\" \/>\n<link rel=\"canonical\" href=\"https:\/\/esatic.ci\/en\/international-womens-day\/\" \/>\n<meta property=\"og:locale\" content=\"en_US\" \/>\n<meta property=\"og:type\" content=\"article\" \/>\n<meta property=\"og:title\" content=\"Journ\u00e9e Internationale des Droits de la Femme\" \/>\n<meta property=\"og:description\" content=\"La Journ\u00e9e Internationale des Droits de la Femme c\u00e9l\u00e9br\u00e9e \u00e0 ESATIC ce lundi 9 mars 2026 e, pr\u00e9sence du Directeur G\u00e9n\u00e9ral.\" \/>\n<meta property=\"og:url\" content=\"https:\/\/esatic.ci\/en\/international-womens-day\/\" \/>\n<meta property=\"og:site_name\" content=\"ESATIC\" \/>\n<meta property=\"article:publisher\" content=\"https:\/\/www.facebook.com\/EsaticOfficielle\/?locale=fr_FR\" \/>\n<meta property=\"article:published_time\" content=\"2026-03-17T12:29:43+00:00\" \/>\n<meta property=\"og:image\" content=\"https:\/\/esatic.ci\/wp-content\/uploads\/2026\/03\/ESATIC_02_JDF.jpg\" \/>\n\t<meta property=\"og:image:width\" content=\"1920\" \/>\n\t<meta property=\"og:image:height\" content=\"1080\" \/>\n\t<meta property=\"og:image:type\" content=\"image\/jpeg\" \/>\n<meta name=\"author\" content=\"ESATIC\" \/>\n<meta name=\"twitter:card\" content=\"summary_large_image\" \/>\n<meta name=\"twitter:label1\" content=\"Written by\" \/>\n\t<meta name=\"twitter:data1\" content=\"ESATIC\" \/>\n\t<meta name=\"twitter:label2\" content=\"Est. reading time\" \/>\n\t<meta name=\"twitter:data2\" content=\"2 minutes\" \/>\n<script type=\"application\/ld+json\" class=\"yoast-schema-graph\">{\"@context\":\"https:\\\/\\\/schema.org\",\"@graph\":[{\"@type\":\"Article\",\"@id\":\"https:\\\/\\\/esatic.ci\\\/journee-internationale-des-droits-de-la-femme\\\/#article\",\"isPartOf\":{\"@id\":\"https:\\\/\\\/esatic.ci\\\/journee-internationale-des-droits-de-la-femme\\\/\"},\"author\":{\"name\":\"ESATIC\",\"@id\":\"https:\\\/\\\/esatic.ci\\\/#\\\/schema\\\/person\\\/013a90c87557fd0eb433e111a893a42a\"},\"headline\":\"Journ\u00e9e Internationale des Droits de la Femme\",\"datePublished\":\"2026-03-17T12:29:43+00:00\",\"mainEntityOfPage\":{\"@id\":\"https:\\\/\\\/esatic.ci\\\/journee-internationale-des-droits-de-la-femme\\\/\"},\"wordCount\":217,\"publisher\":{\"@id\":\"https:\\\/\\\/esatic.ci\\\/#organization\"},\"image\":{\"@id\":\"https:\\\/\\\/esatic.ci\\\/journee-internationale-des-droits-de-la-femme\\\/#primaryimage\"},\"thumbnailUrl\":\"https:\\\/\\\/esatic.ci\\\/wp-content\\\/uploads\\\/2026\\\/03\\\/ESATIC_02_JDF.jpg\",\"articleSection\":[\"Blog\"],\"inLanguage\":\"en-US\"},{\"@type\":\"WebPage\",\"@id\":\"https:\\\/\\\/esatic.ci\\\/journee-internationale-des-droits-de-la-femme\\\/\",\"url\":\"https:\\\/\\\/esatic.ci\\\/journee-internationale-des-droits-de-la-femme\\\/\",\"name\":\"Journ\u00e9e Internationale des Droits de la Femme\",\"isPartOf\":{\"@id\":\"https:\\\/\\\/esatic.ci\\\/#website\"},\"primaryImageOfPage\":{\"@id\":\"https:\\\/\\\/esatic.ci\\\/journee-internationale-des-droits-de-la-femme\\\/#primaryimage\"},\"image\":{\"@id\":\"https:\\\/\\\/esatic.ci\\\/journee-internationale-des-droits-de-la-femme\\\/#primaryimage\"},\"thumbnailUrl\":\"https:\\\/\\\/esatic.ci\\\/wp-content\\\/uploads\\\/2026\\\/03\\\/ESATIC_02_JDF.jpg\",\"datePublished\":\"2026-03-17T12:29:43+00:00\",\"description\":\"La Journ\u00e9e Internationale des Droits de la Femme c\u00e9l\u00e9br\u00e9e \u00e0 ESATIC ce lundi 9 mars 2026 e, pr\u00e9sence du Directeur G\u00e9n\u00e9ral.\",\"breadcrumb\":{\"@id\":\"https:\\\/\\\/esatic.ci\\\/journee-internationale-des-droits-de-la-femme\\\/#breadcrumb\"},\"inLanguage\":\"en-US\",\"potentialAction\":[{\"@type\":\"ReadAction\",\"target\":[\"https:\\\/\\\/esatic.ci\\\/journee-internationale-des-droits-de-la-femme\\\/\"]}]},{\"@type\":\"ImageObject\",\"inLanguage\":\"en-US\",\"@id\":\"https:\\\/\\\/esatic.ci\\\/journee-internationale-des-droits-de-la-femme\\\/#primaryimage\",\"url\":\"https:\\\/\\\/esatic.ci\\\/wp-content\\\/uploads\\\/2026\\\/03\\\/ESATIC_02_JDF.jpg\",\"contentUrl\":\"https:\\\/\\\/esatic.ci\\\/wp-content\\\/uploads\\\/2026\\\/03\\\/ESATIC_02_JDF.jpg\",\"width\":1920,\"height\":1080},{\"@type\":\"BreadcrumbList\",\"@id\":\"https:\\\/\\\/esatic.ci\\\/journee-internationale-des-droits-de-la-femme\\\/#breadcrumb\",\"itemListElement\":[{\"@type\":\"ListItem\",\"position\":1,\"name\":\"Accueil\",\"item\":\"https:\\\/\\\/esatic.ci\\\/\"},{\"@type\":\"ListItem\",\"position\":2,\"name\":\"Journ\u00e9e Internationale des Droits de la Femme\"}]},{\"@type\":\"WebSite\",\"@id\":\"https:\\\/\\\/esatic.ci\\\/#website\",\"url\":\"https:\\\/\\\/esatic.ci\\\/\",\"name\":\"ESATIC\",\"description\":\"Ecole Sup\u00e9rieure Africaine des Technologies de l&#039;Information et de la Communication\",\"publisher\":{\"@id\":\"https:\\\/\\\/esatic.ci\\\/#organization\"},\"potentialAction\":[{\"@type\":\"SearchAction\",\"target\":{\"@type\":\"EntryPoint\",\"urlTemplate\":\"https:\\\/\\\/esatic.ci\\\/?s={search_term_string}\"},\"query-input\":{\"@type\":\"PropertyValueSpecification\",\"valueRequired\":true,\"valueName\":\"search_term_string\"}}],\"inLanguage\":\"en-US\"},{\"@type\":\"Organization\",\"@id\":\"https:\\\/\\\/esatic.ci\\\/#organization\",\"name\":\"ESATIC\",\"url\":\"https:\\\/\\\/esatic.ci\\\/\",\"logo\":{\"@type\":\"ImageObject\",\"inLanguage\":\"en-US\",\"@id\":\"https:\\\/\\\/esatic.ci\\\/#\\\/schema\\\/logo\\\/image\\\/\",\"url\":\"https:\\\/\\\/esatic.ci\\\/wp-content\\\/uploads\\\/2024\\\/10\\\/presentation_esatic.jpg\",\"contentUrl\":\"https:\\\/\\\/esatic.ci\\\/wp-content\\\/uploads\\\/2024\\\/10\\\/presentation_esatic.jpg\",\"width\":1043,\"height\":418,\"caption\":\"ESATIC\"},\"image\":{\"@id\":\"https:\\\/\\\/esatic.ci\\\/#\\\/schema\\\/logo\\\/image\\\/\"},\"sameAs\":[\"https:\\\/\\\/www.facebook.com\\\/EsaticOfficielle\\\/?locale=fr_FR\",\"https:\\\/\\\/www.linkedin.com\\\/school\\\/esaticofficielle\"]},{\"@type\":\"Person\",\"@id\":\"https:\\\/\\\/esatic.ci\\\/#\\\/schema\\\/person\\\/013a90c87557fd0eb433e111a893a42a\",\"name\":\"ESATIC\",\"image\":{\"@type\":\"ImageObject\",\"inLanguage\":\"en-US\",\"@id\":\"https:\\\/\\\/secure.gravatar.com\\\/avatar\\\/389f477246c4d41bc921f89613838f541fbd8cefb76326862b023ef779269c99?s=96&d=mm&r=g\",\"url\":\"https:\\\/\\\/secure.gravatar.com\\\/avatar\\\/389f477246c4d41bc921f89613838f541fbd8cefb76326862b023ef779269c99?s=96&d=mm&r=g\",\"contentUrl\":\"https:\\\/\\\/secure.gravatar.com\\\/avatar\\\/389f477246c4d41bc921f89613838f541fbd8cefb76326862b023ef779269c99?s=96&d=mm&r=g\",\"caption\":\"ESATIC\"},\"sameAs\":[\"https:\\\/\\\/esatic.ci\"],\"url\":\"https:\\\/\\\/esatic.ci\\\/en\\\/author\\\/yeka123\\\/\"}]}<\/script>\n<!-- \/ Yoast SEO plugin. -->","yoast_head_json":{"title":"International Women's Day","description":"International Women's Rights Day celebrated at ESATIC this Monday, March 9, 2026, in the presence of the Director General.","robots":{"index":"index","follow":"follow","max-snippet":"max-snippet:-1","max-image-preview":"max-image-preview:large","max-video-preview":"max-video-preview:-1"},"canonical":"https:\/\/esatic.ci\/en\/international-womens-day\/","og_locale":"en_US","og_type":"article","og_title":"Journ\u00e9e Internationale des Droits de la Femme","og_description":"La Journ\u00e9e Internationale des Droits de la Femme c\u00e9l\u00e9br\u00e9e \u00e0 ESATIC ce lundi 9 mars 2026 e, pr\u00e9sence du Directeur G\u00e9n\u00e9ral.","og_url":"https:\/\/esatic.ci\/en\/international-womens-day\/","og_site_name":"ESATIC","article_publisher":"https:\/\/www.facebook.com\/EsaticOfficielle\/?locale=fr_FR","article_published_time":"2026-03-17T12:29:43+00:00","og_image":[{"width":1920,"height":1080,"url":"https:\/\/esatic.ci\/wp-content\/uploads\/2026\/03\/ESATIC_02_JDF.jpg","type":"image\/jpeg"}],"author":"ESATIC","twitter_card":"summary_large_image","twitter_misc":{"Written by":"ESATIC","Est. reading time":"2 minutes"},"schema":{"@context":"https:\/\/schema.org","@graph":[{"@type":"Article","@id":"https:\/\/esatic.ci\/journee-internationale-des-droits-de-la-femme\/#article","isPartOf":{"@id":"https:\/\/esatic.ci\/journee-internationale-des-droits-de-la-femme\/"},"author":{"name":"ESATIC","@id":"https:\/\/esatic.ci\/#\/schema\/person\/013a90c87557fd0eb433e111a893a42a"},"headline":"Journ\u00e9e Internationale des Droits de la Femme","datePublished":"2026-03-17T12:29:43+00:00","mainEntityOfPage":{"@id":"https:\/\/esatic.ci\/journee-internationale-des-droits-de-la-femme\/"},"wordCount":217,"publisher":{"@id":"https:\/\/esatic.ci\/#organization"},"image":{"@id":"https:\/\/esatic.ci\/journee-internationale-des-droits-de-la-femme\/#primaryimage"},"thumbnailUrl":"https:\/\/esatic.ci\/wp-content\/uploads\/2026\/03\/ESATIC_02_JDF.jpg","articleSection":["Blog"],"inLanguage":"en-US"},{"@type":"WebPage","@id":"https:\/\/esatic.ci\/journee-internationale-des-droits-de-la-femme\/","url":"https:\/\/esatic.ci\/journee-internationale-des-droits-de-la-femme\/","name":"International Women's Day","isPartOf":{"@id":"https:\/\/esatic.ci\/#website"},"primaryImageOfPage":{"@id":"https:\/\/esatic.ci\/journee-internationale-des-droits-de-la-femme\/#primaryimage"},"image":{"@id":"https:\/\/esatic.ci\/journee-internationale-des-droits-de-la-femme\/#primaryimage"},"thumbnailUrl":"https:\/\/esatic.ci\/wp-content\/uploads\/2026\/03\/ESATIC_02_JDF.jpg","datePublished":"2026-03-17T12:29:43+00:00","description":"International Women's Rights Day celebrated at ESATIC this Monday, March 9, 2026, in the presence of the Director General.","breadcrumb":{"@id":"https:\/\/esatic.ci\/journee-internationale-des-droits-de-la-femme\/#breadcrumb"},"inLanguage":"en-US","potentialAction":[{"@type":"ReadAction","target":["https:\/\/esatic.ci\/journee-internationale-des-droits-de-la-femme\/"]}]},{"@type":"ImageObject","inLanguage":"en-US","@id":"https:\/\/esatic.ci\/journee-internationale-des-droits-de-la-femme\/#primaryimage","url":"https:\/\/esatic.ci\/wp-content\/uploads\/2026\/03\/ESATIC_02_JDF.jpg","contentUrl":"https:\/\/esatic.ci\/wp-content\/uploads\/2026\/03\/ESATIC_02_JDF.jpg","width":1920,"height":1080},{"@type":"BreadcrumbList","@id":"https:\/\/esatic.ci\/journee-internationale-des-droits-de-la-femme\/#breadcrumb","itemListElement":[{"@type":"ListItem","position":1,"name":"Accueil","item":"https:\/\/esatic.ci\/"},{"@type":"ListItem","position":2,"name":"Journ\u00e9e Internationale des Droits de la Femme"}]},{"@type":"WebSite","@id":"https:\/\/esatic.ci\/#website","url":"https:\/\/esatic.ci\/","name":"ESATIC","description":"African College of Information and Communication Technologies","publisher":{"@id":"https:\/\/esatic.ci\/#organization"},"potentialAction":[{"@type":"SearchAction","target":{"@type":"EntryPoint","urlTemplate":"https:\/\/esatic.ci\/?s={search_term_string}"},"query-input":{"@type":"PropertyValueSpecification","valueRequired":true,"valueName":"search_term_string"}}],"inLanguage":"en-US"},{"@type":"Organization","@id":"https:\/\/esatic.ci\/#organization","name":"ESATIC","url":"https:\/\/esatic.ci\/","logo":{"@type":"ImageObject","inLanguage":"en-US","@id":"https:\/\/esatic.ci\/#\/schema\/logo\/image\/","url":"https:\/\/esatic.ci\/wp-content\/uploads\/2024\/10\/presentation_esatic.jpg","contentUrl":"https:\/\/esatic.ci\/wp-content\/uploads\/2024\/10\/presentation_esatic.jpg","width":1043,"height":418,"caption":"ESATIC"},"image":{"@id":"https:\/\/esatic.ci\/#\/schema\/logo\/image\/"},"sameAs":["https:\/\/www.facebook.com\/EsaticOfficielle\/?locale=fr_FR","https:\/\/www.linkedin.com\/school\/esaticofficielle"]},{"@type":"Person","@id":"https:\/\/esatic.ci\/#\/schema\/person\/013a90c87557fd0eb433e111a893a42a","name":"ESATIC","image":{"@type":"ImageObject","inLanguage":"en-US","@id":"https:\/\/secure.gravatar.com\/avatar\/389f477246c4d41bc921f89613838f541fbd8cefb76326862b023ef779269c99?s=96&d=mm&r=g","url":"https:\/\/secure.gravatar.com\/avatar\/389f477246c4d41bc921f89613838f541fbd8cefb76326862b023ef779269c99?s=96&d=mm&r=g","contentUrl":"https:\/\/secure.gravatar.com\/avatar\/389f477246c4d41bc921f89613838f541fbd8cefb76326862b023ef779269c99?s=96&d=mm&r=g","caption":"ESATIC"},"sameAs":["https:\/\/esatic.ci"],"url":"https:\/\/esatic.ci\/en\/author\/yeka123\/"}]}},"_links":{"self":[{"href":"https:\/\/esatic.ci\/en\/wp-json\/wp\/v2\/posts\/13901","targetHints":{"allow":["GET"]}}],"collection":[{"href":"https:\/\/esatic.ci\/en\/wp-json\/wp\/v2\/posts"}],"about":[{"href":"https:\/\/esatic.ci\/en\/wp-json\/wp\/v2\/types\/post"}],"author":[{"embeddable":true,"href":"https:\/\/esatic.ci\/en\/wp-json\/wp\/v2\/users\/1"}],"replies":[{"embeddable":true,"href":"https:\/\/esatic.ci\/en\/wp-json\/wp\/v2\/comments?post=13901"}],"version-history":[{"count":2,"href":"https:\/\/esatic.ci\/en\/wp-json\/wp\/v2\/posts\/13901\/revisions"}],"predecessor-version":[{"id":13905,"href":"https:\/\/esatic.ci\/en\/wp-json\/wp\/v2\/posts\/13901\/revisions\/13905"}],"wp:featuredmedia":[{"embeddable":true,"href":"https:\/\/esatic.ci\/en\/wp-json\/wp\/v2\/media\/13902"}],"wp:attachment":[{"href":"https:\/\/esatic.ci\/en\/wp-json\/wp\/v2\/media?parent=13901"}],"wp:term":[{"taxonomy":"category","embeddable":true,"href":"https:\/\/esatic.ci\/en\/wp-json\/wp\/v2\/categories?post=13901"},{"taxonomy":"post_tag","embeddable":true,"href":"https:\/\/esatic.ci\/en\/wp-json\/wp\/v2\/tags?post=13901"}],"curies":[{"name":"wp","href":"https:\/\/api.w.org\/{rel}","templated":true}]}}