{"id":13098,"date":"2026-01-30T10:51:36","date_gmt":"2026-01-30T10:51:36","guid":{"rendered":"https:\/\/esatic.ci\/?p=13098"},"modified":"2026-01-30T10:51:36","modified_gmt":"2026-01-30T10:51:36","slug":"partnership-between-esatic-and-campc","status":"publish","type":"post","link":"https:\/\/esatic.ci\/en\/partnership-between-esatic-and-campc\/","title":{"rendered":"PARTNERSHIP AGREEMENT BETWEEN ESATIC AND CAMPC"},"content":{"rendered":"<p>The General Manager of the Ecole Sup\u00e9rieure Africaine des Technologies de l'Information et de la Communication (<strong>ESATIC<\/strong>), prof. KONATE Adama and the General Manager of the Centre Africain de Management et de Perfectionnement des Cadres (<strong>CAMPC<\/strong>), Prof. Joseph KAUDJHIS signed a partnership agreement marking an important step in the strengthening of academic and professional collaboration between the two structures this Wednesday, January 28, 2026 on the premises of the\u2019<strong>ESATIC.<\/strong><\/p>\n<p>This partnership aims to set up joint initiatives such as training courses, workshops, collaborative projects, internships and job placement opportunities.<\/p>\n<p>At the end of the meeting, a guided tour of the\u2019<strong>ESATIC <\/strong>enabled CAMPC's General Manager to discover the teaching facilities, technical equipment and working environment for students and staff.<\/p>\n<p>This partnership testifies to the shared determination of the\u2019<strong>ESATIC<\/strong> and <strong>CAMPC<\/strong> to build a lasting collaboration in the service of academic excellence and digital development.<\/p>","protected":false},"excerpt":{"rendered":"<p>The General Manager of the Ecole Sup\u00e9rieure Africaine des Technologies de l'Information et de la Communication (ESATIC), prof. KONATE Adama and the Director General of the Centre Africain de Management et de Perfectionnement des Cadres (CAMPC), Prof. Joseph KAUDJHIS, signed a partnership agreement on Wednesday January 28, 2026 at ESATIC, marking an important step in strengthening academic and professional collaboration between the two organizations. The aim of this partnership is to set up joint actions such as training courses, workshops, collaborative projects, internships and professional integration opportunities. Following the meeting, a guided tour of ESATIC's premises enabled CAMPC's General Manager to discover the teaching facilities, technical equipment and working environment for students and staff. This partnership testifies to the shared determination of ESATIC and CAMPC to build a lasting collaboration in the service of academic excellence and digital development.<\/p>","protected":false},"author":1,"featured_media":13099,"comment_status":"closed","ping_status":"closed","sticky":false,"template":"","format":"standard","meta":{"footnotes":""},"categories":[3],"tags":[],"class_list":["post-13098","post","type-post","status-publish","format-standard","has-post-thumbnail","hentry","category-blog"],"featured_image_src":"https:\/\/esatic.ci\/wp-content\/uploads\/2026\/01\/partenariat_esatic_camc_2.jpg","author_info":{"display_name":"ESATIC","author_link":"https:\/\/esatic.ci\/en\/author\/yeka123\/"},"yoast_head":"<!-- This site is optimized with the Yoast SEO plugin v27.5 - https:\/\/yoast.com\/product\/yoast-seo-wordpress\/ -->\n<title>CONVENTION DE PARTENARIAT l\u2019ESATIC ET LE CAMPC<\/title>\n<meta name=\"description\" content=\"Les Directeurs G\u00e9n\u00e9raux de l&#039;ESATIC et le CAMPC ont proc\u00e9d\u00e9 \u00e0 la signature d\u2019une convention de partenariat.\" \/>\n<meta name=\"robots\" content=\"index, follow, max-snippet:-1, max-image-preview:large, max-video-preview:-1\" \/>\n<link rel=\"canonical\" href=\"https:\/\/esatic.ci\/en\/partnership-between-esatic-and-campc\/\" \/>\n<meta property=\"og:locale\" content=\"en_US\" \/>\n<meta property=\"og:type\" content=\"article\" \/>\n<meta property=\"og:title\" content=\"CONVENTION DE PARTENARIAT l\u2019ESATIC ET LE CAMPC\" \/>\n<meta property=\"og:description\" content=\"Les Directeurs G\u00e9n\u00e9raux de l&#039;ESATIC et le CAMPC ont proc\u00e9d\u00e9 \u00e0 la signature d\u2019une convention de partenariat.\" \/>\n<meta property=\"og:url\" content=\"https:\/\/esatic.ci\/en\/partnership-between-esatic-and-campc\/\" \/>\n<meta property=\"og:site_name\" content=\"ESATIC\" \/>\n<meta property=\"article:publisher\" content=\"https:\/\/www.facebook.com\/EsaticOfficielle\/?locale=fr_FR\" \/>\n<meta property=\"article:published_time\" content=\"2026-01-30T10:51:36+00:00\" \/>\n<meta property=\"og:image\" content=\"https:\/\/esatic.ci\/wp-content\/uploads\/2026\/01\/partenariat_esatic_camc_2.jpg\" \/>\n\t<meta property=\"og:image:width\" content=\"1900\" \/>\n\t<meta property=\"og:image:height\" content=\"1267\" \/>\n\t<meta property=\"og:image:type\" content=\"image\/jpeg\" \/>\n<meta name=\"author\" content=\"ESATIC\" \/>\n<meta name=\"twitter:card\" content=\"summary_large_image\" \/>\n<meta name=\"twitter:label1\" content=\"Written by\" \/>\n\t<meta name=\"twitter:data1\" content=\"ESATIC\" \/>\n\t<meta name=\"twitter:label2\" content=\"Est. reading time\" \/>\n\t<meta name=\"twitter:data2\" content=\"2 minutes\" \/>\n<script type=\"application\/ld+json\" class=\"yoast-schema-graph\">{\"@context\":\"https:\\\/\\\/schema.org\",\"@graph\":[{\"@type\":\"Article\",\"@id\":\"https:\\\/\\\/esatic.ci\\\/partenariat-entre-esatic-et-campc\\\/#article\",\"isPartOf\":{\"@id\":\"https:\\\/\\\/esatic.ci\\\/partenariat-entre-esatic-et-campc\\\/\"},\"author\":{\"name\":\"ESATIC\",\"@id\":\"https:\\\/\\\/esatic.ci\\\/#\\\/schema\\\/person\\\/013a90c87557fd0eb433e111a893a42a\"},\"headline\":\"CONVENTION DE PARTENARIAT ENTRE l\u2019ESATIC ET LE CAMPC\",\"datePublished\":\"2026-01-30T10:51:36+00:00\",\"mainEntityOfPage\":{\"@id\":\"https:\\\/\\\/esatic.ci\\\/partenariat-entre-esatic-et-campc\\\/\"},\"wordCount\":196,\"publisher\":{\"@id\":\"https:\\\/\\\/esatic.ci\\\/#organization\"},\"image\":{\"@id\":\"https:\\\/\\\/esatic.ci\\\/partenariat-entre-esatic-et-campc\\\/#primaryimage\"},\"thumbnailUrl\":\"https:\\\/\\\/esatic.ci\\\/wp-content\\\/uploads\\\/2026\\\/01\\\/partenariat_esatic_camc_2.jpg\",\"articleSection\":[\"Blog\"],\"inLanguage\":\"en-US\"},{\"@type\":\"WebPage\",\"@id\":\"https:\\\/\\\/esatic.ci\\\/partenariat-entre-esatic-et-campc\\\/\",\"url\":\"https:\\\/\\\/esatic.ci\\\/partenariat-entre-esatic-et-campc\\\/\",\"name\":\"CONVENTION DE PARTENARIAT l\u2019ESATIC ET LE CAMPC\",\"isPartOf\":{\"@id\":\"https:\\\/\\\/esatic.ci\\\/#website\"},\"primaryImageOfPage\":{\"@id\":\"https:\\\/\\\/esatic.ci\\\/partenariat-entre-esatic-et-campc\\\/#primaryimage\"},\"image\":{\"@id\":\"https:\\\/\\\/esatic.ci\\\/partenariat-entre-esatic-et-campc\\\/#primaryimage\"},\"thumbnailUrl\":\"https:\\\/\\\/esatic.ci\\\/wp-content\\\/uploads\\\/2026\\\/01\\\/partenariat_esatic_camc_2.jpg\",\"datePublished\":\"2026-01-30T10:51:36+00:00\",\"description\":\"Les Directeurs G\u00e9n\u00e9raux de l'ESATIC et le CAMPC ont proc\u00e9d\u00e9 \u00e0 la signature d\u2019une convention de partenariat.\",\"breadcrumb\":{\"@id\":\"https:\\\/\\\/esatic.ci\\\/partenariat-entre-esatic-et-campc\\\/#breadcrumb\"},\"inLanguage\":\"en-US\",\"potentialAction\":[{\"@type\":\"ReadAction\",\"target\":[\"https:\\\/\\\/esatic.ci\\\/partenariat-entre-esatic-et-campc\\\/\"]}]},{\"@type\":\"ImageObject\",\"inLanguage\":\"en-US\",\"@id\":\"https:\\\/\\\/esatic.ci\\\/partenariat-entre-esatic-et-campc\\\/#primaryimage\",\"url\":\"https:\\\/\\\/esatic.ci\\\/wp-content\\\/uploads\\\/2026\\\/01\\\/partenariat_esatic_camc_2.jpg\",\"contentUrl\":\"https:\\\/\\\/esatic.ci\\\/wp-content\\\/uploads\\\/2026\\\/01\\\/partenariat_esatic_camc_2.jpg\",\"width\":1900,\"height\":1267},{\"@type\":\"BreadcrumbList\",\"@id\":\"https:\\\/\\\/esatic.ci\\\/partenariat-entre-esatic-et-campc\\\/#breadcrumb\",\"itemListElement\":[{\"@type\":\"ListItem\",\"position\":1,\"name\":\"Accueil\",\"item\":\"https:\\\/\\\/esatic.ci\\\/\"},{\"@type\":\"ListItem\",\"position\":2,\"name\":\"CONVENTION DE PARTENARIAT ENTRE l\u2019ESATIC ET LE CAMPC\"}]},{\"@type\":\"WebSite\",\"@id\":\"https:\\\/\\\/esatic.ci\\\/#website\",\"url\":\"https:\\\/\\\/esatic.ci\\\/\",\"name\":\"ESATIC\",\"description\":\"Ecole Sup\u00e9rieure Africaine des Technologies de l&#039;Information et de la Communication\",\"publisher\":{\"@id\":\"https:\\\/\\\/esatic.ci\\\/#organization\"},\"potentialAction\":[{\"@type\":\"SearchAction\",\"target\":{\"@type\":\"EntryPoint\",\"urlTemplate\":\"https:\\\/\\\/esatic.ci\\\/?s={search_term_string}\"},\"query-input\":{\"@type\":\"PropertyValueSpecification\",\"valueRequired\":true,\"valueName\":\"search_term_string\"}}],\"inLanguage\":\"en-US\"},{\"@type\":\"Organization\",\"@id\":\"https:\\\/\\\/esatic.ci\\\/#organization\",\"name\":\"ESATIC\",\"url\":\"https:\\\/\\\/esatic.ci\\\/\",\"logo\":{\"@type\":\"ImageObject\",\"inLanguage\":\"en-US\",\"@id\":\"https:\\\/\\\/esatic.ci\\\/#\\\/schema\\\/logo\\\/image\\\/\",\"url\":\"https:\\\/\\\/esatic.ci\\\/wp-content\\\/uploads\\\/2024\\\/10\\\/presentation_esatic.jpg\",\"contentUrl\":\"https:\\\/\\\/esatic.ci\\\/wp-content\\\/uploads\\\/2024\\\/10\\\/presentation_esatic.jpg\",\"width\":1043,\"height\":418,\"caption\":\"ESATIC\"},\"image\":{\"@id\":\"https:\\\/\\\/esatic.ci\\\/#\\\/schema\\\/logo\\\/image\\\/\"},\"sameAs\":[\"https:\\\/\\\/www.facebook.com\\\/EsaticOfficielle\\\/?locale=fr_FR\",\"https:\\\/\\\/www.linkedin.com\\\/school\\\/esaticofficielle\"]},{\"@type\":\"Person\",\"@id\":\"https:\\\/\\\/esatic.ci\\\/#\\\/schema\\\/person\\\/013a90c87557fd0eb433e111a893a42a\",\"name\":\"ESATIC\",\"image\":{\"@type\":\"ImageObject\",\"inLanguage\":\"en-US\",\"@id\":\"https:\\\/\\\/secure.gravatar.com\\\/avatar\\\/389f477246c4d41bc921f89613838f541fbd8cefb76326862b023ef779269c99?s=96&d=mm&r=g\",\"url\":\"https:\\\/\\\/secure.gravatar.com\\\/avatar\\\/389f477246c4d41bc921f89613838f541fbd8cefb76326862b023ef779269c99?s=96&d=mm&r=g\",\"contentUrl\":\"https:\\\/\\\/secure.gravatar.com\\\/avatar\\\/389f477246c4d41bc921f89613838f541fbd8cefb76326862b023ef779269c99?s=96&d=mm&r=g\",\"caption\":\"ESATIC\"},\"sameAs\":[\"https:\\\/\\\/esatic.ci\"],\"url\":\"https:\\\/\\\/esatic.ci\\\/en\\\/author\\\/yeka123\\\/\"}]}<\/script>\n<!-- \/ Yoast SEO plugin. -->","yoast_head_json":{"title":"PARTNERSHIP AGREEMENT ESATIC AND CAMPC","description":"The General Managers of ESATIC and CAMPC signed a partnership agreement.","robots":{"index":"index","follow":"follow","max-snippet":"max-snippet:-1","max-image-preview":"max-image-preview:large","max-video-preview":"max-video-preview:-1"},"canonical":"https:\/\/esatic.ci\/en\/partnership-between-esatic-and-campc\/","og_locale":"en_US","og_type":"article","og_title":"CONVENTION DE PARTENARIAT l\u2019ESATIC ET LE CAMPC","og_description":"Les Directeurs G\u00e9n\u00e9raux de l'ESATIC et le CAMPC ont proc\u00e9d\u00e9 \u00e0 la signature d\u2019une convention de partenariat.","og_url":"https:\/\/esatic.ci\/en\/partnership-between-esatic-and-campc\/","og_site_name":"ESATIC","article_publisher":"https:\/\/www.facebook.com\/EsaticOfficielle\/?locale=fr_FR","article_published_time":"2026-01-30T10:51:36+00:00","og_image":[{"width":1900,"height":1267,"url":"https:\/\/esatic.ci\/wp-content\/uploads\/2026\/01\/partenariat_esatic_camc_2.jpg","type":"image\/jpeg"}],"author":"ESATIC","twitter_card":"summary_large_image","twitter_misc":{"Written by":"ESATIC","Est. reading time":"2 minutes"},"schema":{"@context":"https:\/\/schema.org","@graph":[{"@type":"Article","@id":"https:\/\/esatic.ci\/partenariat-entre-esatic-et-campc\/#article","isPartOf":{"@id":"https:\/\/esatic.ci\/partenariat-entre-esatic-et-campc\/"},"author":{"name":"ESATIC","@id":"https:\/\/esatic.ci\/#\/schema\/person\/013a90c87557fd0eb433e111a893a42a"},"headline":"CONVENTION DE PARTENARIAT ENTRE l\u2019ESATIC ET LE CAMPC","datePublished":"2026-01-30T10:51:36+00:00","mainEntityOfPage":{"@id":"https:\/\/esatic.ci\/partenariat-entre-esatic-et-campc\/"},"wordCount":196,"publisher":{"@id":"https:\/\/esatic.ci\/#organization"},"image":{"@id":"https:\/\/esatic.ci\/partenariat-entre-esatic-et-campc\/#primaryimage"},"thumbnailUrl":"https:\/\/esatic.ci\/wp-content\/uploads\/2026\/01\/partenariat_esatic_camc_2.jpg","articleSection":["Blog"],"inLanguage":"en-US"},{"@type":"WebPage","@id":"https:\/\/esatic.ci\/partenariat-entre-esatic-et-campc\/","url":"https:\/\/esatic.ci\/partenariat-entre-esatic-et-campc\/","name":"PARTNERSHIP AGREEMENT ESATIC AND CAMPC","isPartOf":{"@id":"https:\/\/esatic.ci\/#website"},"primaryImageOfPage":{"@id":"https:\/\/esatic.ci\/partenariat-entre-esatic-et-campc\/#primaryimage"},"image":{"@id":"https:\/\/esatic.ci\/partenariat-entre-esatic-et-campc\/#primaryimage"},"thumbnailUrl":"https:\/\/esatic.ci\/wp-content\/uploads\/2026\/01\/partenariat_esatic_camc_2.jpg","datePublished":"2026-01-30T10:51:36+00:00","description":"The General Managers of ESATIC and CAMPC signed a partnership agreement.","breadcrumb":{"@id":"https:\/\/esatic.ci\/partenariat-entre-esatic-et-campc\/#breadcrumb"},"inLanguage":"en-US","potentialAction":[{"@type":"ReadAction","target":["https:\/\/esatic.ci\/partenariat-entre-esatic-et-campc\/"]}]},{"@type":"ImageObject","inLanguage":"en-US","@id":"https:\/\/esatic.ci\/partenariat-entre-esatic-et-campc\/#primaryimage","url":"https:\/\/esatic.ci\/wp-content\/uploads\/2026\/01\/partenariat_esatic_camc_2.jpg","contentUrl":"https:\/\/esatic.ci\/wp-content\/uploads\/2026\/01\/partenariat_esatic_camc_2.jpg","width":1900,"height":1267},{"@type":"BreadcrumbList","@id":"https:\/\/esatic.ci\/partenariat-entre-esatic-et-campc\/#breadcrumb","itemListElement":[{"@type":"ListItem","position":1,"name":"Accueil","item":"https:\/\/esatic.ci\/"},{"@type":"ListItem","position":2,"name":"CONVENTION DE PARTENARIAT ENTRE l\u2019ESATIC ET LE CAMPC"}]},{"@type":"WebSite","@id":"https:\/\/esatic.ci\/#website","url":"https:\/\/esatic.ci\/","name":"ESATIC","description":"African College of Information and Communication Technologies","publisher":{"@id":"https:\/\/esatic.ci\/#organization"},"potentialAction":[{"@type":"SearchAction","target":{"@type":"EntryPoint","urlTemplate":"https:\/\/esatic.ci\/?s={search_term_string}"},"query-input":{"@type":"PropertyValueSpecification","valueRequired":true,"valueName":"search_term_string"}}],"inLanguage":"en-US"},{"@type":"Organization","@id":"https:\/\/esatic.ci\/#organization","name":"ESATIC","url":"https:\/\/esatic.ci\/","logo":{"@type":"ImageObject","inLanguage":"en-US","@id":"https:\/\/esatic.ci\/#\/schema\/logo\/image\/","url":"https:\/\/esatic.ci\/wp-content\/uploads\/2024\/10\/presentation_esatic.jpg","contentUrl":"https:\/\/esatic.ci\/wp-content\/uploads\/2024\/10\/presentation_esatic.jpg","width":1043,"height":418,"caption":"ESATIC"},"image":{"@id":"https:\/\/esatic.ci\/#\/schema\/logo\/image\/"},"sameAs":["https:\/\/www.facebook.com\/EsaticOfficielle\/?locale=fr_FR","https:\/\/www.linkedin.com\/school\/esaticofficielle"]},{"@type":"Person","@id":"https:\/\/esatic.ci\/#\/schema\/person\/013a90c87557fd0eb433e111a893a42a","name":"ESATIC","image":{"@type":"ImageObject","inLanguage":"en-US","@id":"https:\/\/secure.gravatar.com\/avatar\/389f477246c4d41bc921f89613838f541fbd8cefb76326862b023ef779269c99?s=96&d=mm&r=g","url":"https:\/\/secure.gravatar.com\/avatar\/389f477246c4d41bc921f89613838f541fbd8cefb76326862b023ef779269c99?s=96&d=mm&r=g","contentUrl":"https:\/\/secure.gravatar.com\/avatar\/389f477246c4d41bc921f89613838f541fbd8cefb76326862b023ef779269c99?s=96&d=mm&r=g","caption":"ESATIC"},"sameAs":["https:\/\/esatic.ci"],"url":"https:\/\/esatic.ci\/en\/author\/yeka123\/"}]}},"_links":{"self":[{"href":"https:\/\/esatic.ci\/en\/wp-json\/wp\/v2\/posts\/13098","targetHints":{"allow":["GET"]}}],"collection":[{"href":"https:\/\/esatic.ci\/en\/wp-json\/wp\/v2\/posts"}],"about":[{"href":"https:\/\/esatic.ci\/en\/wp-json\/wp\/v2\/types\/post"}],"author":[{"embeddable":true,"href":"https:\/\/esatic.ci\/en\/wp-json\/wp\/v2\/users\/1"}],"replies":[{"embeddable":true,"href":"https:\/\/esatic.ci\/en\/wp-json\/wp\/v2\/comments?post=13098"}],"version-history":[{"count":2,"href":"https:\/\/esatic.ci\/en\/wp-json\/wp\/v2\/posts\/13098\/revisions"}],"predecessor-version":[{"id":13103,"href":"https:\/\/esatic.ci\/en\/wp-json\/wp\/v2\/posts\/13098\/revisions\/13103"}],"wp:featuredmedia":[{"embeddable":true,"href":"https:\/\/esatic.ci\/en\/wp-json\/wp\/v2\/media\/13099"}],"wp:attachment":[{"href":"https:\/\/esatic.ci\/en\/wp-json\/wp\/v2\/media?parent=13098"}],"wp:term":[{"taxonomy":"category","embeddable":true,"href":"https:\/\/esatic.ci\/en\/wp-json\/wp\/v2\/categories?post=13098"},{"taxonomy":"post_tag","embeddable":true,"href":"https:\/\/esatic.ci\/en\/wp-json\/wp\/v2\/tags?post=13098"}],"curies":[{"name":"wp","href":"https:\/\/api.w.org\/{rel}","templated":true}]}}