{"id":12784,"date":"2025-12-15T14:39:25","date_gmt":"2025-12-15T14:39:25","guid":{"rendered":"https:\/\/esatic.ci\/?p=12784"},"modified":"2025-12-16T11:50:38","modified_gmt":"2025-12-16T11:50:38","slug":"esatic-and-ipnetp-sign-partnership-agreement","status":"publish","type":"post","link":"https:\/\/esatic.ci\/en\/esatic-and-ipnetp-sign-partnership-agreement\/","title":{"rendered":"ESATIC and IPNETP sign partnership agreement"},"content":{"rendered":"<p>L\u2019<strong>ESATIC <\/strong>officially signed this Friday, December 15, 2025 on the premises of the\u2019<strong>National Pedagogical Institute for Technical Education<\/strong> <strong>and Professional<\/strong>, a major partnership agreement, marking a new stage in the strengthening of academic and professional collaborations.<\/p>\n<p>This agreement was signed by the <strong>General Manager of ESATIC, Professor Konat\u00e9 Adama<\/strong>, and the <strong>General Manager of IPNETP, Prof. Edm\u00e9e MANSILLA<\/strong>. It testifies to the shared desire of both institutions to promote excellence, innovation and quality training.<\/p>\n<p>Through this partnership, the\u2019<strong>ESATIC<\/strong> and the\u2019<strong>IPNETP<\/strong> are committed to developing joint actions such as :<\/p>\n<ul>\n<li>Training and development of teachers and trainers in the two (2) structures; ;<\/li>\n<li>Development and implementation of training programs ;<\/li>\n<li>Research and technological innovation linked to the needs of the productive sector. ;<\/li>\n<li>The development and continuous improvement of curricula ;<\/li>\n<li>Develop and implement joint training programs, focusing on professionalized fields of study and leading to the award of Certificates, Professional Licenses, Professional Masters and Doctorates degrees.<\/li>\n<li>Organize the mobility of teachers, lecturers, researchers and students from both institutions.<\/li>\n<li>Make their expertise in pedagogy and training engineering available to each other.<\/li>\n<\/ul>\n<p>After signing, a tour of the equipment and premises of the\u2019<strong>IPNETP<\/strong> was carried out, revealing the quality of the infrastructures and facilities provided.<\/p>\n<p>This collaboration opens up new prospects for the education system and contributes to the smooth operation of both institutions in the field of higher education.<\/p>","protected":false},"excerpt":{"rendered":"<p>L\u2019ESATIC a officiellement sign\u00e9 ce vendredi 15 d\u00e9cembre 2025 dans les locaux de l\u2019Institut P\u00e9dagogique National de l\u2019Enseignement Technique et Professionnelle, un important accord de partenariat, marquant une nouvelle \u00e9tape dans le renforcement des collaborations acad\u00e9miques et professionnelles. Cet accord a \u00e9t\u00e9 sign\u00e9 par le Directeur G\u00e9n\u00e9ral de l\u2019ESATIC, Professeur Konat\u00e9 Adama, et le Directeur G\u00e9n\u00e9ral de l\u2019IPNETP, Prof. Edm\u00e9e MANSILLA. Il t\u00e9moigne de la volont\u00e9 commune des deux institutions de promouvoir l\u2019excellence, l\u2019innovation et la formation de qualit\u00e9. \u00c0 travers ce partenariat, l\u2019ESATIC et l\u2019IPNETP s\u2019engagent \u00e0 d\u00e9velopper des actions conjointes telles que : La formation et le perfectionnement des enseignants et des formateurs des deux (2) structures ; Le d\u00e9veloppement et la mise en \u0153uvre de programmes de formation ; La recherche et l&rsquo;innovation technologique en lien avec les besoins du secteur productif ; L&rsquo;\u00e9laboration et l&rsquo;am\u00e9lioration continue des curricula ; D\u00e9velopper et mettre en \u0153uvre des programmes de formation communs, centr\u00e9s sur les fili\u00e8res professionnalis\u00e9es et d\u00e9bouchant sur la d\u00e9livrance de Certificat, Licence professionnelle, Master professionnel et Doctorat. Organiser la mobilit\u00e9 des Enseignants, Enseignants-Chercheurs, Chercheurs et \u00e9tudiants des deux Institutions. Mettre \u00e0 la disposition de fa\u00e7on r\u00e9ciproque leurs expertises en p\u00e9dagogie et en ing\u00e9nierie de formation. Apres la signature, Une visite des \u00e9quipements et des locaux de l\u2019IPNETP a \u00e9t\u00e9 effectu\u00e9e permettant de constater la qualit\u00e9 des infrastructures et des installations mises \u00e0 disposition. Cette collaboration ouvre ainsi la voie \u00e0 de nouvelles perspectives pour le syst\u00e8me \u00e9ducatif et contribue au bon fonctionnement des deux \u00e9tablissements dans le domaine de l\u2019enseignement sup\u00e9rieur.<\/p>","protected":false},"author":1,"featured_media":12787,"comment_status":"closed","ping_status":"closed","sticky":false,"template":"","format":"standard","meta":{"footnotes":""},"categories":[3],"tags":[],"class_list":["post-12784","post","type-post","status-publish","format-standard","has-post-thumbnail","hentry","category-blog"],"featured_image_src":"https:\/\/esatic.ci\/wp-content\/uploads\/2025\/12\/partenariat_esatic_ipnet.jpg","author_info":{"display_name":"ESATIC","author_link":"https:\/\/esatic.ci\/en\/author\/yeka123\/"},"yoast_head":"<!-- This site is optimized with the Yoast SEO plugin v27.5 - https:\/\/yoast.com\/product\/yoast-seo-wordpress\/ -->\n<title>Signature de partenariat entre ESATIC et IPNETP<\/title>\n<meta name=\"description\" content=\"L\u2019ESATIC a officiellement sign\u00e9 ce vendredi 15 d\u00e9cembre 2025 dans les locaux de l\u2019Institut P\u00e9dagogique National de l\u2019Enseignement Technique\" \/>\n<meta name=\"robots\" content=\"index, follow, max-snippet:-1, max-image-preview:large, max-video-preview:-1\" \/>\n<link rel=\"canonical\" href=\"https:\/\/esatic.ci\/en\/esatic-and-ipnetp-sign-partnership-agreement\/\" \/>\n<meta property=\"og:locale\" content=\"en_US\" \/>\n<meta property=\"og:type\" content=\"article\" \/>\n<meta property=\"og:title\" content=\"Signature de partenariat entre ESATIC et IPNETP\" \/>\n<meta property=\"og:description\" content=\"L\u2019ESATIC a officiellement sign\u00e9 ce vendredi 15 d\u00e9cembre 2025 dans les locaux de l\u2019Institut P\u00e9dagogique National de l\u2019Enseignement Technique\" \/>\n<meta property=\"og:url\" content=\"https:\/\/esatic.ci\/en\/esatic-and-ipnetp-sign-partnership-agreement\/\" \/>\n<meta property=\"og:site_name\" content=\"ESATIC\" \/>\n<meta property=\"article:publisher\" content=\"https:\/\/www.facebook.com\/EsaticOfficielle\/?locale=fr_FR\" \/>\n<meta property=\"article:published_time\" content=\"2025-12-15T14:39:25+00:00\" \/>\n<meta property=\"article:modified_time\" content=\"2025-12-16T11:50:38+00:00\" \/>\n<meta property=\"og:image\" content=\"https:\/\/esatic.ci\/wp-content\/uploads\/2025\/12\/partenariat_esatic_ipnet.jpg\" \/>\n\t<meta property=\"og:image:width\" content=\"1920\" \/>\n\t<meta property=\"og:image:height\" content=\"1280\" \/>\n\t<meta property=\"og:image:type\" content=\"image\/jpeg\" \/>\n<meta name=\"author\" content=\"ESATIC\" \/>\n<meta name=\"twitter:card\" content=\"summary_large_image\" \/>\n<meta name=\"twitter:label1\" content=\"Written by\" \/>\n\t<meta name=\"twitter:data1\" content=\"ESATIC\" \/>\n\t<meta name=\"twitter:label2\" content=\"Est. reading time\" \/>\n\t<meta name=\"twitter:data2\" content=\"2 minutes\" \/>\n<script type=\"application\/ld+json\" class=\"yoast-schema-graph\">{\"@context\":\"https:\\\/\\\/schema.org\",\"@graph\":[{\"@type\":\"Article\",\"@id\":\"https:\\\/\\\/esatic.ci\\\/signature-de-partenariat-entre-esatic-et-ipnetp\\\/#article\",\"isPartOf\":{\"@id\":\"https:\\\/\\\/esatic.ci\\\/signature-de-partenariat-entre-esatic-et-ipnetp\\\/\"},\"author\":{\"name\":\"ESATIC\",\"@id\":\"https:\\\/\\\/esatic.ci\\\/#\\\/schema\\\/person\\\/013a90c87557fd0eb433e111a893a42a\"},\"headline\":\"Signature de partenariat entre ESATIC et IPNETP\",\"datePublished\":\"2025-12-15T14:39:25+00:00\",\"dateModified\":\"2025-12-16T11:50:38+00:00\",\"mainEntityOfPage\":{\"@id\":\"https:\\\/\\\/esatic.ci\\\/signature-de-partenariat-entre-esatic-et-ipnetp\\\/\"},\"wordCount\":289,\"publisher\":{\"@id\":\"https:\\\/\\\/esatic.ci\\\/#organization\"},\"image\":{\"@id\":\"https:\\\/\\\/esatic.ci\\\/signature-de-partenariat-entre-esatic-et-ipnetp\\\/#primaryimage\"},\"thumbnailUrl\":\"https:\\\/\\\/esatic.ci\\\/wp-content\\\/uploads\\\/2025\\\/12\\\/partenariat_esatic_ipnet.jpg\",\"articleSection\":[\"Blog\"],\"inLanguage\":\"en-US\"},{\"@type\":\"WebPage\",\"@id\":\"https:\\\/\\\/esatic.ci\\\/signature-de-partenariat-entre-esatic-et-ipnetp\\\/\",\"url\":\"https:\\\/\\\/esatic.ci\\\/signature-de-partenariat-entre-esatic-et-ipnetp\\\/\",\"name\":\"Signature de partenariat entre ESATIC et IPNETP\",\"isPartOf\":{\"@id\":\"https:\\\/\\\/esatic.ci\\\/#website\"},\"primaryImageOfPage\":{\"@id\":\"https:\\\/\\\/esatic.ci\\\/signature-de-partenariat-entre-esatic-et-ipnetp\\\/#primaryimage\"},\"image\":{\"@id\":\"https:\\\/\\\/esatic.ci\\\/signature-de-partenariat-entre-esatic-et-ipnetp\\\/#primaryimage\"},\"thumbnailUrl\":\"https:\\\/\\\/esatic.ci\\\/wp-content\\\/uploads\\\/2025\\\/12\\\/partenariat_esatic_ipnet.jpg\",\"datePublished\":\"2025-12-15T14:39:25+00:00\",\"dateModified\":\"2025-12-16T11:50:38+00:00\",\"description\":\"L\u2019ESATIC a officiellement sign\u00e9 ce vendredi 15 d\u00e9cembre 2025 dans les locaux de l\u2019Institut P\u00e9dagogique National de l\u2019Enseignement Technique\",\"breadcrumb\":{\"@id\":\"https:\\\/\\\/esatic.ci\\\/signature-de-partenariat-entre-esatic-et-ipnetp\\\/#breadcrumb\"},\"inLanguage\":\"en-US\",\"potentialAction\":[{\"@type\":\"ReadAction\",\"target\":[\"https:\\\/\\\/esatic.ci\\\/signature-de-partenariat-entre-esatic-et-ipnetp\\\/\"]}]},{\"@type\":\"ImageObject\",\"inLanguage\":\"en-US\",\"@id\":\"https:\\\/\\\/esatic.ci\\\/signature-de-partenariat-entre-esatic-et-ipnetp\\\/#primaryimage\",\"url\":\"https:\\\/\\\/esatic.ci\\\/wp-content\\\/uploads\\\/2025\\\/12\\\/partenariat_esatic_ipnet.jpg\",\"contentUrl\":\"https:\\\/\\\/esatic.ci\\\/wp-content\\\/uploads\\\/2025\\\/12\\\/partenariat_esatic_ipnet.jpg\",\"width\":1920,\"height\":1280},{\"@type\":\"BreadcrumbList\",\"@id\":\"https:\\\/\\\/esatic.ci\\\/signature-de-partenariat-entre-esatic-et-ipnetp\\\/#breadcrumb\",\"itemListElement\":[{\"@type\":\"ListItem\",\"position\":1,\"name\":\"Accueil\",\"item\":\"https:\\\/\\\/esatic.ci\\\/\"},{\"@type\":\"ListItem\",\"position\":2,\"name\":\"Signature de partenariat entre ESATIC et IPNETP\"}]},{\"@type\":\"WebSite\",\"@id\":\"https:\\\/\\\/esatic.ci\\\/#website\",\"url\":\"https:\\\/\\\/esatic.ci\\\/\",\"name\":\"ESATIC\",\"description\":\"Ecole Sup\u00e9rieure Africaine des Technologies de l&#039;Information et de la Communication\",\"publisher\":{\"@id\":\"https:\\\/\\\/esatic.ci\\\/#organization\"},\"potentialAction\":[{\"@type\":\"SearchAction\",\"target\":{\"@type\":\"EntryPoint\",\"urlTemplate\":\"https:\\\/\\\/esatic.ci\\\/?s={search_term_string}\"},\"query-input\":{\"@type\":\"PropertyValueSpecification\",\"valueRequired\":true,\"valueName\":\"search_term_string\"}}],\"inLanguage\":\"en-US\"},{\"@type\":\"Organization\",\"@id\":\"https:\\\/\\\/esatic.ci\\\/#organization\",\"name\":\"ESATIC\",\"url\":\"https:\\\/\\\/esatic.ci\\\/\",\"logo\":{\"@type\":\"ImageObject\",\"inLanguage\":\"en-US\",\"@id\":\"https:\\\/\\\/esatic.ci\\\/#\\\/schema\\\/logo\\\/image\\\/\",\"url\":\"https:\\\/\\\/esatic.ci\\\/wp-content\\\/uploads\\\/2024\\\/10\\\/presentation_esatic.jpg\",\"contentUrl\":\"https:\\\/\\\/esatic.ci\\\/wp-content\\\/uploads\\\/2024\\\/10\\\/presentation_esatic.jpg\",\"width\":1043,\"height\":418,\"caption\":\"ESATIC\"},\"image\":{\"@id\":\"https:\\\/\\\/esatic.ci\\\/#\\\/schema\\\/logo\\\/image\\\/\"},\"sameAs\":[\"https:\\\/\\\/www.facebook.com\\\/EsaticOfficielle\\\/?locale=fr_FR\",\"https:\\\/\\\/www.linkedin.com\\\/school\\\/esaticofficielle\"]},{\"@type\":\"Person\",\"@id\":\"https:\\\/\\\/esatic.ci\\\/#\\\/schema\\\/person\\\/013a90c87557fd0eb433e111a893a42a\",\"name\":\"ESATIC\",\"image\":{\"@type\":\"ImageObject\",\"inLanguage\":\"en-US\",\"@id\":\"https:\\\/\\\/secure.gravatar.com\\\/avatar\\\/389f477246c4d41bc921f89613838f541fbd8cefb76326862b023ef779269c99?s=96&d=mm&r=g\",\"url\":\"https:\\\/\\\/secure.gravatar.com\\\/avatar\\\/389f477246c4d41bc921f89613838f541fbd8cefb76326862b023ef779269c99?s=96&d=mm&r=g\",\"contentUrl\":\"https:\\\/\\\/secure.gravatar.com\\\/avatar\\\/389f477246c4d41bc921f89613838f541fbd8cefb76326862b023ef779269c99?s=96&d=mm&r=g\",\"caption\":\"ESATIC\"},\"sameAs\":[\"https:\\\/\\\/esatic.ci\"],\"url\":\"https:\\\/\\\/esatic.ci\\\/en\\\/author\\\/yeka123\\\/\"}]}<\/script>\n<!-- \/ Yoast SEO plugin. -->","yoast_head_json":{"title":"ESATIC and IPNETP sign partnership agreement","description":"ESATIC officially signed this Friday, December 15, 2025 at the Institut P\u00e9dagogique National de l'Enseignement Technique.","robots":{"index":"index","follow":"follow","max-snippet":"max-snippet:-1","max-image-preview":"max-image-preview:large","max-video-preview":"max-video-preview:-1"},"canonical":"https:\/\/esatic.ci\/en\/esatic-and-ipnetp-sign-partnership-agreement\/","og_locale":"en_US","og_type":"article","og_title":"Signature de partenariat entre ESATIC et IPNETP","og_description":"L\u2019ESATIC a officiellement sign\u00e9 ce vendredi 15 d\u00e9cembre 2025 dans les locaux de l\u2019Institut P\u00e9dagogique National de l\u2019Enseignement Technique","og_url":"https:\/\/esatic.ci\/en\/esatic-and-ipnetp-sign-partnership-agreement\/","og_site_name":"ESATIC","article_publisher":"https:\/\/www.facebook.com\/EsaticOfficielle\/?locale=fr_FR","article_published_time":"2025-12-15T14:39:25+00:00","article_modified_time":"2025-12-16T11:50:38+00:00","og_image":[{"width":1920,"height":1280,"url":"https:\/\/esatic.ci\/wp-content\/uploads\/2025\/12\/partenariat_esatic_ipnet.jpg","type":"image\/jpeg"}],"author":"ESATIC","twitter_card":"summary_large_image","twitter_misc":{"Written by":"ESATIC","Est. reading time":"2 minutes"},"schema":{"@context":"https:\/\/schema.org","@graph":[{"@type":"Article","@id":"https:\/\/esatic.ci\/signature-de-partenariat-entre-esatic-et-ipnetp\/#article","isPartOf":{"@id":"https:\/\/esatic.ci\/signature-de-partenariat-entre-esatic-et-ipnetp\/"},"author":{"name":"ESATIC","@id":"https:\/\/esatic.ci\/#\/schema\/person\/013a90c87557fd0eb433e111a893a42a"},"headline":"Signature de partenariat entre ESATIC et IPNETP","datePublished":"2025-12-15T14:39:25+00:00","dateModified":"2025-12-16T11:50:38+00:00","mainEntityOfPage":{"@id":"https:\/\/esatic.ci\/signature-de-partenariat-entre-esatic-et-ipnetp\/"},"wordCount":289,"publisher":{"@id":"https:\/\/esatic.ci\/#organization"},"image":{"@id":"https:\/\/esatic.ci\/signature-de-partenariat-entre-esatic-et-ipnetp\/#primaryimage"},"thumbnailUrl":"https:\/\/esatic.ci\/wp-content\/uploads\/2025\/12\/partenariat_esatic_ipnet.jpg","articleSection":["Blog"],"inLanguage":"en-US"},{"@type":"WebPage","@id":"https:\/\/esatic.ci\/signature-de-partenariat-entre-esatic-et-ipnetp\/","url":"https:\/\/esatic.ci\/signature-de-partenariat-entre-esatic-et-ipnetp\/","name":"ESATIC and IPNETP sign partnership agreement","isPartOf":{"@id":"https:\/\/esatic.ci\/#website"},"primaryImageOfPage":{"@id":"https:\/\/esatic.ci\/signature-de-partenariat-entre-esatic-et-ipnetp\/#primaryimage"},"image":{"@id":"https:\/\/esatic.ci\/signature-de-partenariat-entre-esatic-et-ipnetp\/#primaryimage"},"thumbnailUrl":"https:\/\/esatic.ci\/wp-content\/uploads\/2025\/12\/partenariat_esatic_ipnet.jpg","datePublished":"2025-12-15T14:39:25+00:00","dateModified":"2025-12-16T11:50:38+00:00","description":"ESATIC officially signed this Friday, December 15, 2025 at the Institut P\u00e9dagogique National de l'Enseignement Technique.","breadcrumb":{"@id":"https:\/\/esatic.ci\/signature-de-partenariat-entre-esatic-et-ipnetp\/#breadcrumb"},"inLanguage":"en-US","potentialAction":[{"@type":"ReadAction","target":["https:\/\/esatic.ci\/signature-de-partenariat-entre-esatic-et-ipnetp\/"]}]},{"@type":"ImageObject","inLanguage":"en-US","@id":"https:\/\/esatic.ci\/signature-de-partenariat-entre-esatic-et-ipnetp\/#primaryimage","url":"https:\/\/esatic.ci\/wp-content\/uploads\/2025\/12\/partenariat_esatic_ipnet.jpg","contentUrl":"https:\/\/esatic.ci\/wp-content\/uploads\/2025\/12\/partenariat_esatic_ipnet.jpg","width":1920,"height":1280},{"@type":"BreadcrumbList","@id":"https:\/\/esatic.ci\/signature-de-partenariat-entre-esatic-et-ipnetp\/#breadcrumb","itemListElement":[{"@type":"ListItem","position":1,"name":"Accueil","item":"https:\/\/esatic.ci\/"},{"@type":"ListItem","position":2,"name":"Signature de partenariat entre ESATIC et IPNETP"}]},{"@type":"WebSite","@id":"https:\/\/esatic.ci\/#website","url":"https:\/\/esatic.ci\/","name":"ESATIC","description":"African College of Information and Communication Technologies","publisher":{"@id":"https:\/\/esatic.ci\/#organization"},"potentialAction":[{"@type":"SearchAction","target":{"@type":"EntryPoint","urlTemplate":"https:\/\/esatic.ci\/?s={search_term_string}"},"query-input":{"@type":"PropertyValueSpecification","valueRequired":true,"valueName":"search_term_string"}}],"inLanguage":"en-US"},{"@type":"Organization","@id":"https:\/\/esatic.ci\/#organization","name":"ESATIC","url":"https:\/\/esatic.ci\/","logo":{"@type":"ImageObject","inLanguage":"en-US","@id":"https:\/\/esatic.ci\/#\/schema\/logo\/image\/","url":"https:\/\/esatic.ci\/wp-content\/uploads\/2024\/10\/presentation_esatic.jpg","contentUrl":"https:\/\/esatic.ci\/wp-content\/uploads\/2024\/10\/presentation_esatic.jpg","width":1043,"height":418,"caption":"ESATIC"},"image":{"@id":"https:\/\/esatic.ci\/#\/schema\/logo\/image\/"},"sameAs":["https:\/\/www.facebook.com\/EsaticOfficielle\/?locale=fr_FR","https:\/\/www.linkedin.com\/school\/esaticofficielle"]},{"@type":"Person","@id":"https:\/\/esatic.ci\/#\/schema\/person\/013a90c87557fd0eb433e111a893a42a","name":"ESATIC","image":{"@type":"ImageObject","inLanguage":"en-US","@id":"https:\/\/secure.gravatar.com\/avatar\/389f477246c4d41bc921f89613838f541fbd8cefb76326862b023ef779269c99?s=96&d=mm&r=g","url":"https:\/\/secure.gravatar.com\/avatar\/389f477246c4d41bc921f89613838f541fbd8cefb76326862b023ef779269c99?s=96&d=mm&r=g","contentUrl":"https:\/\/secure.gravatar.com\/avatar\/389f477246c4d41bc921f89613838f541fbd8cefb76326862b023ef779269c99?s=96&d=mm&r=g","caption":"ESATIC"},"sameAs":["https:\/\/esatic.ci"],"url":"https:\/\/esatic.ci\/en\/author\/yeka123\/"}]}},"_links":{"self":[{"href":"https:\/\/esatic.ci\/en\/wp-json\/wp\/v2\/posts\/12784","targetHints":{"allow":["GET"]}}],"collection":[{"href":"https:\/\/esatic.ci\/en\/wp-json\/wp\/v2\/posts"}],"about":[{"href":"https:\/\/esatic.ci\/en\/wp-json\/wp\/v2\/types\/post"}],"author":[{"embeddable":true,"href":"https:\/\/esatic.ci\/en\/wp-json\/wp\/v2\/users\/1"}],"replies":[{"embeddable":true,"href":"https:\/\/esatic.ci\/en\/wp-json\/wp\/v2\/comments?post=12784"}],"version-history":[{"count":4,"href":"https:\/\/esatic.ci\/en\/wp-json\/wp\/v2\/posts\/12784\/revisions"}],"predecessor-version":[{"id":12792,"href":"https:\/\/esatic.ci\/en\/wp-json\/wp\/v2\/posts\/12784\/revisions\/12792"}],"wp:featuredmedia":[{"embeddable":true,"href":"https:\/\/esatic.ci\/en\/wp-json\/wp\/v2\/media\/12787"}],"wp:attachment":[{"href":"https:\/\/esatic.ci\/en\/wp-json\/wp\/v2\/media?parent=12784"}],"wp:term":[{"taxonomy":"category","embeddable":true,"href":"https:\/\/esatic.ci\/en\/wp-json\/wp\/v2\/categories?post=12784"},{"taxonomy":"post_tag","embeddable":true,"href":"https:\/\/esatic.ci\/en\/wp-json\/wp\/v2\/tags?post=12784"}],"curies":[{"name":"wp","href":"https:\/\/api.w.org\/{rel}","templated":true}]}}