{"id":12427,"date":"2025-11-03T14:46:40","date_gmt":"2025-11-03T14:46:40","guid":{"rendered":"https:\/\/esatic.ci\/?p=12427"},"modified":"2025-11-03T14:46:40","modified_gmt":"2025-11-03T14:46:40","slug":"salute-to-the-colors-at-esatic","status":"publish","type":"post","link":"https:\/\/esatic.ci\/en\/salute-to-the-colors-at-esatic\/","title":{"rendered":"Salute to the colors at ESATIC"},"content":{"rendered":"<p>On Monday November 3, 2025, ESATIC held its traditional color salute, bringing together management, staff, teachers and students in an atmosphere of cohesion and institutional pride.<\/p>\n<p>The ceremony was marked by the presentation of 17 new foreign students from 11 African countries (Benin, Burkina Faso, Cameroon, Democratic Congo, Ghana, Guinea, Mali, Niger, Nigeria, Rwanda, Togo), proof of the school's growing attractiveness and its driving role in regional cooperation in digital training.<\/p>\n<p>The directorates also shared information on student life, before the Managing Director congratulated the agents admitted to the 2025 civil service competitions, symbols of merit and competence.<\/p>\n<p>Through these high points, ESATIC reaffirms its commitment to excellence, African integration and the promotion of talent in the service of the continent's digital development.<\/p>","protected":false},"excerpt":{"rendered":"<p>Ce lundi 3 novembre 2025, l\u2019ESATIC a tenu son traditionnel salut aux couleurs, rassemblant la Direction, le personnel, les enseignants et les \u00e9tudiants dans une ambiance de coh\u00e9sion et de fiert\u00e9 institutionnelle. La c\u00e9r\u00e9monie a \u00e9t\u00e9 marqu\u00e9e par la pr\u00e9sentation de 17 nouveaux \u00e9tudiants \u00e9trangers issus de 11 pays africains (Benin, Burkina Faso, Cameroun, Congo D\u00e9mocratique, Ghana, Guin\u00e9e, Mali, Niger, Nigeria, Rwanda, Togo), preuve de l\u2019attractivit\u00e9 croissante de l\u2019\u00e9cole et de son r\u00f4le moteur dans la coop\u00e9ration r\u00e9gionale en mati\u00e8re de formation num\u00e9rique. Les directions ont \u00e9galement partag\u00e9 des informations sur la vie estudiantine, avant que le Directeur G\u00e9n\u00e9ral ne f\u00e9licite les agents admis aux concours de la fonction publique 2025, symboles du m\u00e9rite et de la comp\u00e9tence. \u00c0 travers ces moments forts, l\u2019ESATIC r\u00e9affirme son engagement pour l\u2019excellence, l\u2019int\u00e9gration africaine et la promotion des talents au service du d\u00e9veloppement num\u00e9rique du continent.<\/p>","protected":false},"author":1,"featured_media":12428,"comment_status":"closed","ping_status":"closed","sticky":false,"template":"","format":"standard","meta":{"footnotes":""},"categories":[3],"tags":[],"class_list":["post-12427","post","type-post","status-publish","format-standard","has-post-thumbnail","hentry","category-blog"],"featured_image_src":"https:\/\/esatic.ci\/wp-content\/uploads\/2025\/11\/03_nov_2025_1.jpg","author_info":{"display_name":"ESATIC","author_link":"https:\/\/esatic.ci\/en\/author\/yeka123\/"},"yoast_head":"<!-- This site is optimized with the Yoast SEO plugin v27.5 - https:\/\/yoast.com\/product\/yoast-seo-wordpress\/ -->\n<title>Salut aux couleurs du mois de Novembre<\/title>\n<meta name=\"description\" content=\"Ce lundi 3 novembre 2025, l\u2019ESATIC a tenu son traditionnel salut aux couleurs, rassemblant la Direction, le personnel acad\u00e9miques\" \/>\n<meta name=\"robots\" content=\"index, follow, max-snippet:-1, max-image-preview:large, max-video-preview:-1\" \/>\n<link rel=\"canonical\" href=\"https:\/\/esatic.ci\/en\/salute-to-the-colors-at-esatic\/\" \/>\n<meta property=\"og:locale\" content=\"en_US\" \/>\n<meta property=\"og:type\" content=\"article\" \/>\n<meta property=\"og:title\" content=\"Salut aux couleurs du mois de Novembre\" \/>\n<meta property=\"og:description\" content=\"Ce lundi 3 novembre 2025, l\u2019ESATIC a tenu son traditionnel salut aux couleurs, rassemblant la Direction, le personnel acad\u00e9miques\" \/>\n<meta property=\"og:url\" content=\"https:\/\/esatic.ci\/en\/salute-to-the-colors-at-esatic\/\" \/>\n<meta property=\"og:site_name\" content=\"ESATIC\" \/>\n<meta property=\"article:publisher\" content=\"https:\/\/www.facebook.com\/EsaticOfficielle\/?locale=fr_FR\" \/>\n<meta property=\"article:published_time\" content=\"2025-11-03T14:46:40+00:00\" \/>\n<meta property=\"og:image\" content=\"https:\/\/esatic.ci\/wp-content\/uploads\/2025\/11\/03_nov_2025_1.jpg\" \/>\n\t<meta property=\"og:image:width\" content=\"1920\" \/>\n\t<meta property=\"og:image:height\" content=\"1200\" \/>\n\t<meta property=\"og:image:type\" content=\"image\/jpeg\" \/>\n<meta name=\"author\" content=\"ESATIC\" \/>\n<meta name=\"twitter:card\" content=\"summary_large_image\" \/>\n<meta name=\"twitter:label1\" content=\"Written by\" \/>\n\t<meta name=\"twitter:data1\" content=\"ESATIC\" \/>\n\t<meta name=\"twitter:label2\" content=\"Est. reading time\" \/>\n\t<meta name=\"twitter:data2\" content=\"1 minute\" \/>\n<script type=\"application\/ld+json\" class=\"yoast-schema-graph\">{\"@context\":\"https:\\\/\\\/schema.org\",\"@graph\":[{\"@type\":\"Article\",\"@id\":\"https:\\\/\\\/esatic.ci\\\/salut-aux-couleurs-a-esatic\\\/#article\",\"isPartOf\":{\"@id\":\"https:\\\/\\\/esatic.ci\\\/salut-aux-couleurs-a-esatic\\\/\"},\"author\":{\"name\":\"ESATIC\",\"@id\":\"https:\\\/\\\/esatic.ci\\\/#\\\/schema\\\/person\\\/013a90c87557fd0eb433e111a893a42a\"},\"headline\":\"Salut aux couleurs \u00e0 ESATIC\",\"datePublished\":\"2025-11-03T14:46:40+00:00\",\"mainEntityOfPage\":{\"@id\":\"https:\\\/\\\/esatic.ci\\\/salut-aux-couleurs-a-esatic\\\/\"},\"wordCount\":168,\"publisher\":{\"@id\":\"https:\\\/\\\/esatic.ci\\\/#organization\"},\"image\":{\"@id\":\"https:\\\/\\\/esatic.ci\\\/salut-aux-couleurs-a-esatic\\\/#primaryimage\"},\"thumbnailUrl\":\"https:\\\/\\\/esatic.ci\\\/wp-content\\\/uploads\\\/2025\\\/11\\\/03_nov_2025_1.jpg\",\"articleSection\":[\"Blog\"],\"inLanguage\":\"en-US\"},{\"@type\":\"WebPage\",\"@id\":\"https:\\\/\\\/esatic.ci\\\/salut-aux-couleurs-a-esatic\\\/\",\"url\":\"https:\\\/\\\/esatic.ci\\\/salut-aux-couleurs-a-esatic\\\/\",\"name\":\"Salut aux couleurs du mois de Novembre\",\"isPartOf\":{\"@id\":\"https:\\\/\\\/esatic.ci\\\/#website\"},\"primaryImageOfPage\":{\"@id\":\"https:\\\/\\\/esatic.ci\\\/salut-aux-couleurs-a-esatic\\\/#primaryimage\"},\"image\":{\"@id\":\"https:\\\/\\\/esatic.ci\\\/salut-aux-couleurs-a-esatic\\\/#primaryimage\"},\"thumbnailUrl\":\"https:\\\/\\\/esatic.ci\\\/wp-content\\\/uploads\\\/2025\\\/11\\\/03_nov_2025_1.jpg\",\"datePublished\":\"2025-11-03T14:46:40+00:00\",\"description\":\"Ce lundi 3 novembre 2025, l\u2019ESATIC a tenu son traditionnel salut aux couleurs, rassemblant la Direction, le personnel acad\u00e9miques\",\"breadcrumb\":{\"@id\":\"https:\\\/\\\/esatic.ci\\\/salut-aux-couleurs-a-esatic\\\/#breadcrumb\"},\"inLanguage\":\"en-US\",\"potentialAction\":[{\"@type\":\"ReadAction\",\"target\":[\"https:\\\/\\\/esatic.ci\\\/salut-aux-couleurs-a-esatic\\\/\"]}]},{\"@type\":\"ImageObject\",\"inLanguage\":\"en-US\",\"@id\":\"https:\\\/\\\/esatic.ci\\\/salut-aux-couleurs-a-esatic\\\/#primaryimage\",\"url\":\"https:\\\/\\\/esatic.ci\\\/wp-content\\\/uploads\\\/2025\\\/11\\\/03_nov_2025_1.jpg\",\"contentUrl\":\"https:\\\/\\\/esatic.ci\\\/wp-content\\\/uploads\\\/2025\\\/11\\\/03_nov_2025_1.jpg\",\"width\":1920,\"height\":1200},{\"@type\":\"BreadcrumbList\",\"@id\":\"https:\\\/\\\/esatic.ci\\\/salut-aux-couleurs-a-esatic\\\/#breadcrumb\",\"itemListElement\":[{\"@type\":\"ListItem\",\"position\":1,\"name\":\"Accueil\",\"item\":\"https:\\\/\\\/esatic.ci\\\/\"},{\"@type\":\"ListItem\",\"position\":2,\"name\":\"Salut aux couleurs \u00e0 ESATIC\"}]},{\"@type\":\"WebSite\",\"@id\":\"https:\\\/\\\/esatic.ci\\\/#website\",\"url\":\"https:\\\/\\\/esatic.ci\\\/\",\"name\":\"ESATIC\",\"description\":\"Ecole Sup\u00e9rieure Africaine des Technologies de l&#039;Information et de la Communication\",\"publisher\":{\"@id\":\"https:\\\/\\\/esatic.ci\\\/#organization\"},\"potentialAction\":[{\"@type\":\"SearchAction\",\"target\":{\"@type\":\"EntryPoint\",\"urlTemplate\":\"https:\\\/\\\/esatic.ci\\\/?s={search_term_string}\"},\"query-input\":{\"@type\":\"PropertyValueSpecification\",\"valueRequired\":true,\"valueName\":\"search_term_string\"}}],\"inLanguage\":\"en-US\"},{\"@type\":\"Organization\",\"@id\":\"https:\\\/\\\/esatic.ci\\\/#organization\",\"name\":\"ESATIC\",\"url\":\"https:\\\/\\\/esatic.ci\\\/\",\"logo\":{\"@type\":\"ImageObject\",\"inLanguage\":\"en-US\",\"@id\":\"https:\\\/\\\/esatic.ci\\\/#\\\/schema\\\/logo\\\/image\\\/\",\"url\":\"https:\\\/\\\/esatic.ci\\\/wp-content\\\/uploads\\\/2024\\\/10\\\/presentation_esatic.jpg\",\"contentUrl\":\"https:\\\/\\\/esatic.ci\\\/wp-content\\\/uploads\\\/2024\\\/10\\\/presentation_esatic.jpg\",\"width\":1043,\"height\":418,\"caption\":\"ESATIC\"},\"image\":{\"@id\":\"https:\\\/\\\/esatic.ci\\\/#\\\/schema\\\/logo\\\/image\\\/\"},\"sameAs\":[\"https:\\\/\\\/www.facebook.com\\\/EsaticOfficielle\\\/?locale=fr_FR\",\"https:\\\/\\\/www.linkedin.com\\\/school\\\/esaticofficielle\"]},{\"@type\":\"Person\",\"@id\":\"https:\\\/\\\/esatic.ci\\\/#\\\/schema\\\/person\\\/013a90c87557fd0eb433e111a893a42a\",\"name\":\"ESATIC\",\"image\":{\"@type\":\"ImageObject\",\"inLanguage\":\"en-US\",\"@id\":\"https:\\\/\\\/secure.gravatar.com\\\/avatar\\\/389f477246c4d41bc921f89613838f541fbd8cefb76326862b023ef779269c99?s=96&d=mm&r=g\",\"url\":\"https:\\\/\\\/secure.gravatar.com\\\/avatar\\\/389f477246c4d41bc921f89613838f541fbd8cefb76326862b023ef779269c99?s=96&d=mm&r=g\",\"contentUrl\":\"https:\\\/\\\/secure.gravatar.com\\\/avatar\\\/389f477246c4d41bc921f89613838f541fbd8cefb76326862b023ef779269c99?s=96&d=mm&r=g\",\"caption\":\"ESATIC\"},\"sameAs\":[\"https:\\\/\\\/esatic.ci\"],\"url\":\"https:\\\/\\\/esatic.ci\\\/en\\\/author\\\/yeka123\\\/\"}]}<\/script>\n<!-- \/ Yoast SEO plugin. -->","yoast_head_json":{"title":"Salute to the colors of November","description":"On Monday, November 3, 2025, ESATIC held its traditional salute to the colors, bringing together management, academic staff","robots":{"index":"index","follow":"follow","max-snippet":"max-snippet:-1","max-image-preview":"max-image-preview:large","max-video-preview":"max-video-preview:-1"},"canonical":"https:\/\/esatic.ci\/en\/salute-to-the-colors-at-esatic\/","og_locale":"en_US","og_type":"article","og_title":"Salut aux couleurs du mois de Novembre","og_description":"Ce lundi 3 novembre 2025, l\u2019ESATIC a tenu son traditionnel salut aux couleurs, rassemblant la Direction, le personnel acad\u00e9miques","og_url":"https:\/\/esatic.ci\/en\/salute-to-the-colors-at-esatic\/","og_site_name":"ESATIC","article_publisher":"https:\/\/www.facebook.com\/EsaticOfficielle\/?locale=fr_FR","article_published_time":"2025-11-03T14:46:40+00:00","og_image":[{"width":1920,"height":1200,"url":"https:\/\/esatic.ci\/wp-content\/uploads\/2025\/11\/03_nov_2025_1.jpg","type":"image\/jpeg"}],"author":"ESATIC","twitter_card":"summary_large_image","twitter_misc":{"Written by":"ESATIC","Est. reading time":"1 minute"},"schema":{"@context":"https:\/\/schema.org","@graph":[{"@type":"Article","@id":"https:\/\/esatic.ci\/salut-aux-couleurs-a-esatic\/#article","isPartOf":{"@id":"https:\/\/esatic.ci\/salut-aux-couleurs-a-esatic\/"},"author":{"name":"ESATIC","@id":"https:\/\/esatic.ci\/#\/schema\/person\/013a90c87557fd0eb433e111a893a42a"},"headline":"Salut aux couleurs \u00e0 ESATIC","datePublished":"2025-11-03T14:46:40+00:00","mainEntityOfPage":{"@id":"https:\/\/esatic.ci\/salut-aux-couleurs-a-esatic\/"},"wordCount":168,"publisher":{"@id":"https:\/\/esatic.ci\/#organization"},"image":{"@id":"https:\/\/esatic.ci\/salut-aux-couleurs-a-esatic\/#primaryimage"},"thumbnailUrl":"https:\/\/esatic.ci\/wp-content\/uploads\/2025\/11\/03_nov_2025_1.jpg","articleSection":["Blog"],"inLanguage":"en-US"},{"@type":"WebPage","@id":"https:\/\/esatic.ci\/salut-aux-couleurs-a-esatic\/","url":"https:\/\/esatic.ci\/salut-aux-couleurs-a-esatic\/","name":"Salute to the colors of November","isPartOf":{"@id":"https:\/\/esatic.ci\/#website"},"primaryImageOfPage":{"@id":"https:\/\/esatic.ci\/salut-aux-couleurs-a-esatic\/#primaryimage"},"image":{"@id":"https:\/\/esatic.ci\/salut-aux-couleurs-a-esatic\/#primaryimage"},"thumbnailUrl":"https:\/\/esatic.ci\/wp-content\/uploads\/2025\/11\/03_nov_2025_1.jpg","datePublished":"2025-11-03T14:46:40+00:00","description":"On Monday, November 3, 2025, ESATIC held its traditional salute to the colors, bringing together management, academic staff","breadcrumb":{"@id":"https:\/\/esatic.ci\/salut-aux-couleurs-a-esatic\/#breadcrumb"},"inLanguage":"en-US","potentialAction":[{"@type":"ReadAction","target":["https:\/\/esatic.ci\/salut-aux-couleurs-a-esatic\/"]}]},{"@type":"ImageObject","inLanguage":"en-US","@id":"https:\/\/esatic.ci\/salut-aux-couleurs-a-esatic\/#primaryimage","url":"https:\/\/esatic.ci\/wp-content\/uploads\/2025\/11\/03_nov_2025_1.jpg","contentUrl":"https:\/\/esatic.ci\/wp-content\/uploads\/2025\/11\/03_nov_2025_1.jpg","width":1920,"height":1200},{"@type":"BreadcrumbList","@id":"https:\/\/esatic.ci\/salut-aux-couleurs-a-esatic\/#breadcrumb","itemListElement":[{"@type":"ListItem","position":1,"name":"Accueil","item":"https:\/\/esatic.ci\/"},{"@type":"ListItem","position":2,"name":"Salut aux couleurs \u00e0 ESATIC"}]},{"@type":"WebSite","@id":"https:\/\/esatic.ci\/#website","url":"https:\/\/esatic.ci\/","name":"ESATIC","description":"African College of Information and Communication Technologies","publisher":{"@id":"https:\/\/esatic.ci\/#organization"},"potentialAction":[{"@type":"SearchAction","target":{"@type":"EntryPoint","urlTemplate":"https:\/\/esatic.ci\/?s={search_term_string}"},"query-input":{"@type":"PropertyValueSpecification","valueRequired":true,"valueName":"search_term_string"}}],"inLanguage":"en-US"},{"@type":"Organization","@id":"https:\/\/esatic.ci\/#organization","name":"ESATIC","url":"https:\/\/esatic.ci\/","logo":{"@type":"ImageObject","inLanguage":"en-US","@id":"https:\/\/esatic.ci\/#\/schema\/logo\/image\/","url":"https:\/\/esatic.ci\/wp-content\/uploads\/2024\/10\/presentation_esatic.jpg","contentUrl":"https:\/\/esatic.ci\/wp-content\/uploads\/2024\/10\/presentation_esatic.jpg","width":1043,"height":418,"caption":"ESATIC"},"image":{"@id":"https:\/\/esatic.ci\/#\/schema\/logo\/image\/"},"sameAs":["https:\/\/www.facebook.com\/EsaticOfficielle\/?locale=fr_FR","https:\/\/www.linkedin.com\/school\/esaticofficielle"]},{"@type":"Person","@id":"https:\/\/esatic.ci\/#\/schema\/person\/013a90c87557fd0eb433e111a893a42a","name":"ESATIC","image":{"@type":"ImageObject","inLanguage":"en-US","@id":"https:\/\/secure.gravatar.com\/avatar\/389f477246c4d41bc921f89613838f541fbd8cefb76326862b023ef779269c99?s=96&d=mm&r=g","url":"https:\/\/secure.gravatar.com\/avatar\/389f477246c4d41bc921f89613838f541fbd8cefb76326862b023ef779269c99?s=96&d=mm&r=g","contentUrl":"https:\/\/secure.gravatar.com\/avatar\/389f477246c4d41bc921f89613838f541fbd8cefb76326862b023ef779269c99?s=96&d=mm&r=g","caption":"ESATIC"},"sameAs":["https:\/\/esatic.ci"],"url":"https:\/\/esatic.ci\/en\/author\/yeka123\/"}]}},"_links":{"self":[{"href":"https:\/\/esatic.ci\/en\/wp-json\/wp\/v2\/posts\/12427","targetHints":{"allow":["GET"]}}],"collection":[{"href":"https:\/\/esatic.ci\/en\/wp-json\/wp\/v2\/posts"}],"about":[{"href":"https:\/\/esatic.ci\/en\/wp-json\/wp\/v2\/types\/post"}],"author":[{"embeddable":true,"href":"https:\/\/esatic.ci\/en\/wp-json\/wp\/v2\/users\/1"}],"replies":[{"embeddable":true,"href":"https:\/\/esatic.ci\/en\/wp-json\/wp\/v2\/comments?post=12427"}],"version-history":[{"count":1,"href":"https:\/\/esatic.ci\/en\/wp-json\/wp\/v2\/posts\/12427\/revisions"}],"predecessor-version":[{"id":12432,"href":"https:\/\/esatic.ci\/en\/wp-json\/wp\/v2\/posts\/12427\/revisions\/12432"}],"wp:featuredmedia":[{"embeddable":true,"href":"https:\/\/esatic.ci\/en\/wp-json\/wp\/v2\/media\/12428"}],"wp:attachment":[{"href":"https:\/\/esatic.ci\/en\/wp-json\/wp\/v2\/media?parent=12427"}],"wp:term":[{"taxonomy":"category","embeddable":true,"href":"https:\/\/esatic.ci\/en\/wp-json\/wp\/v2\/categories?post=12427"},{"taxonomy":"post_tag","embeddable":true,"href":"https:\/\/esatic.ci\/en\/wp-json\/wp\/v2\/tags?post=12427"}],"curies":[{"name":"wp","href":"https:\/\/api.w.org\/{rel}","templated":true}]}}